{"id":1983,"date":"2020-03-12T12:07:46","date_gmt":"2020-03-12T11:07:46","guid":{"rendered":"https:\/\/www.visim.eu\/kirche-stpauls\/"},"modified":"2020-10-08T10:24:05","modified_gmt":"2020-10-08T08:24:05","slug":"chiesa-sanpaolo","status":"publish","type":"post","link":"https:\/\/www.visim.eu\/it\/chiesa-sanpaolo\/","title":{"rendered":"Chiesa San Paolo"},"content":{"rendered":"\n<figure class=\"wp-block-image size-large\"><a href=\"https:\/\/my.visim.eu\/tour\/g9nbzcy4ha\" target=\"_blank\" rel=\"noreferrer noopener\"><img fetchpriority=\"high\" decoding=\"async\" width=\"1024\" height=\"576\" src=\"https:\/\/www.visim.eu\/wp-content\/uploads\/2020\/10\/Startbild-Kirche-St-Pauls-1500px-1024x576.jpg\" alt=\"\" class=\"wp-image-3446\" srcset=\"https:\/\/www.visim.eu\/wp-content\/uploads\/2020\/10\/Startbild-Kirche-St-Pauls-1500px-1024x576.jpg 1024w, https:\/\/www.visim.eu\/wp-content\/uploads\/2020\/10\/Startbild-Kirche-St-Pauls-1500px-300x169.jpg 300w, https:\/\/www.visim.eu\/wp-content\/uploads\/2020\/10\/Startbild-Kirche-St-Pauls-1500px-768x432.jpg 768w, https:\/\/www.visim.eu\/wp-content\/uploads\/2020\/10\/Startbild-Kirche-St-Pauls-1500px.jpg 1500w\" sizes=\"(max-width: 1024px) 100vw, 1024px\" \/><\/a><\/figure>\n\n\n<h1 style=\"text-align: center;\">Chiesa parrocchiale di San Paolo<\/h1>\n<p style=\"text-align: center;\">A San Paolo | Appiano si trova uno degli edifici religiosi pi\u00f9 importanti dell&#8217;Alto Adige &#8211; l\u2019ernorme parrocchia di S. Paolo.<br \/>La costruzione della chiesa \u00e8 stata possibile grazie ai <a href=\"http:\/\/www.eppan.com\/it\/avventura-attivit%C3%A0\/castelli-cultura\/castelli-cultura\/63-0.html\" target=\"_blank\" rel=\"noopener noreferrer\">numerosi nobili abitanti<\/a> della luogo attorno al 1147 e ha sempre avuto il compito di esprimere tale ricchezza. L&#8217;interno \u00e8 decorato secondo lo stile di una chiesa a sala tardo-gotica con 3 navate.<br \/>La torre della &#8220;cupola del paese&#8221; misura 85 metri e nella stessa ci sono 9 campane, la pi\u00f9 grande di esse pesa 5 tonnellate ed \u00e8 la seconda campana pi\u00fa grande nella provincia. \u00c8 stata costruita dal signor Grassmayr a Innsbruck e il suo tono corrisponde ad una a.<\/p>","protected":false},"excerpt":{"rendered":"<p>Chiesa parrocchiale di San Paolo A San Paolo | Appiano si trova uno degli edifici religiosi pi\u00f9 importanti dell&#8217;Alto Adige &#8211; l\u2019ernorme [&hellip;]<\/p>\n","protected":false},"author":1,"featured_media":1982,"comment_status":"open","ping_status":"open","sticky":false,"template":"","format":"standard","meta":{"_monsterinsights_skip_tracking":false,"_monsterinsights_sitenote_active":false,"_monsterinsights_sitenote_note":"","_monsterinsights_sitenote_category":0,"footnotes":""},"categories":[23,90,57],"tags":[65,61,63,69,64,62],"class_list":["post-1983","post","type-post","status-publish","format-standard","has-post-thumbnail","hentry","category-cultura-musei","category-cultur-museum-en","category-portfolio-visim-it","tag-dom","tag-kirche","tag-kultur","tag-museum-it","tag-museum","tag-stpauls"],"yoast_head":"<!-- This site is optimized with the Yoast SEO Premium plugin v27.4 (Yoast SEO v27.5) - https:\/\/yoast.com\/product\/yoast-seo-premium-wordpress\/ -->\n<title>Chiesa San Paolo - visim.eu<\/title>\n<meta name=\"description\" content=\"&quot;Il duomo di campagna&quot; - la Chiesa di San Paolo. 85 metri di altezza e con la seconda campana pi\u00f9 grande dell&#039;Alto Adige. Visitate la Chiesa e scoprite la cultura altoatesina.\" \/>\n<meta name=\"robots\" content=\"index, follow, max-snippet:-1, max-image-preview:large, max-video-preview:-1\" \/>\n<link rel=\"canonical\" href=\"https:\/\/www.visim.eu\/it\/chiesa-sanpaolo\/\" \/>\n<meta property=\"og:locale\" content=\"it_IT\" \/>\n<meta property=\"og:type\" content=\"article\" \/>\n<meta property=\"og:title\" content=\"Chiesa San Paolo\" \/>\n<meta property=\"og:description\" content=\"&quot;Il duomo di campagna&quot; - la Chiesa di San Paolo. 85 metri di altezza e con la seconda campana pi\u00f9 grande dell&#039;Alto Adige. Visitate la Chiesa e scoprite la cultura altoatesina.\" \/>\n<meta property=\"og:url\" content=\"https:\/\/www.visim.eu\/it\/chiesa-sanpaolo\/\" \/>\n<meta property=\"og:site_name\" content=\"visim.eu\" \/>\n<meta property=\"article:publisher\" content=\"https:\/\/www.facebook.com\/visim.eu\" \/>\n<meta property=\"article:published_time\" content=\"2020-03-12T11:07:46+00:00\" \/>\n<meta property=\"article:modified_time\" content=\"2020-10-08T08:24:05+00:00\" \/>\n<meta property=\"og:image\" content=\"https:\/\/www.visim.eu\/wp-content\/uploads\/2020\/03\/Der-Dom-auf-dem-Lande-Kirche-St-Pauls-03122020_130501.jpg\" \/>\n\t<meta property=\"og:image:width\" content=\"2560\" \/>\n\t<meta property=\"og:image:height\" content=\"1440\" \/>\n\t<meta property=\"og:image:type\" content=\"image\/jpeg\" \/>\n<meta name=\"author\" content=\"Norbert_G\" \/>\n<meta name=\"twitter:card\" content=\"summary_large_image\" \/>\n<meta name=\"twitter:label1\" content=\"Scritto da\" \/>\n\t<meta name=\"twitter:data1\" content=\"Norbert_G\" \/>\n\t<meta name=\"twitter:label2\" content=\"Tempo di lettura stimato\" \/>\n\t<meta name=\"twitter:data2\" content=\"1 minuto\" \/>\n<script type=\"application\/ld+json\" class=\"yoast-schema-graph\">{\"@context\":\"https:\\\/\\\/schema.org\",\"@graph\":[{\"@type\":\"Article\",\"@id\":\"https:\\\/\\\/www.visim.eu\\\/it\\\/chiesa-sanpaolo\\\/#article\",\"isPartOf\":{\"@id\":\"https:\\\/\\\/www.visim.eu\\\/it\\\/chiesa-sanpaolo\\\/\"},\"author\":{\"name\":\"Norbert_G\",\"@id\":\"https:\\\/\\\/www.visim.eu\\\/#\\\/schema\\\/person\\\/e1f9aa1e8dfd1c0e6baa10ef8e3301c3\"},\"headline\":\"Chiesa San Paolo\",\"datePublished\":\"2020-03-12T11:07:46+00:00\",\"dateModified\":\"2020-10-08T08:24:05+00:00\",\"mainEntityOfPage\":{\"@id\":\"https:\\\/\\\/www.visim.eu\\\/it\\\/chiesa-sanpaolo\\\/\"},\"wordCount\":111,\"commentCount\":0,\"publisher\":{\"@id\":\"https:\\\/\\\/www.visim.eu\\\/#organization\"},\"image\":{\"@id\":\"https:\\\/\\\/www.visim.eu\\\/it\\\/chiesa-sanpaolo\\\/#primaryimage\"},\"thumbnailUrl\":\"https:\\\/\\\/www.visim.eu\\\/wp-content\\\/uploads\\\/2020\\\/03\\\/Der-Dom-auf-dem-Lande-Kirche-St-Pauls-03122020_130501.jpg\",\"keywords\":[\"dom\",\"kirche\",\"kultur\",\"museum\",\"museum\",\"stpauls\"],\"articleSection\":[\"Cultura e musei\",\"Culture and Museum\",\"Portfolio completo\"],\"inLanguage\":\"it-IT\",\"potentialAction\":[{\"@type\":\"CommentAction\",\"name\":\"Comment\",\"target\":[\"https:\\\/\\\/www.visim.eu\\\/it\\\/chiesa-sanpaolo\\\/#respond\"]}]},{\"@type\":\"WebPage\",\"@id\":\"https:\\\/\\\/www.visim.eu\\\/it\\\/chiesa-sanpaolo\\\/\",\"url\":\"https:\\\/\\\/www.visim.eu\\\/it\\\/chiesa-sanpaolo\\\/\",\"name\":\"Chiesa San Paolo - visim.eu\",\"isPartOf\":{\"@id\":\"https:\\\/\\\/www.visim.eu\\\/#website\"},\"primaryImageOfPage\":{\"@id\":\"https:\\\/\\\/www.visim.eu\\\/it\\\/chiesa-sanpaolo\\\/#primaryimage\"},\"image\":{\"@id\":\"https:\\\/\\\/www.visim.eu\\\/it\\\/chiesa-sanpaolo\\\/#primaryimage\"},\"thumbnailUrl\":\"https:\\\/\\\/www.visim.eu\\\/wp-content\\\/uploads\\\/2020\\\/03\\\/Der-Dom-auf-dem-Lande-Kirche-St-Pauls-03122020_130501.jpg\",\"datePublished\":\"2020-03-12T11:07:46+00:00\",\"dateModified\":\"2020-10-08T08:24:05+00:00\",\"description\":\"\\\"Il duomo di campagna\\\" - la Chiesa di San Paolo. 85 metri di altezza e con la seconda campana pi\u00f9 grande dell'Alto Adige. Visitate la Chiesa e scoprite la cultura altoatesina.\",\"breadcrumb\":{\"@id\":\"https:\\\/\\\/www.visim.eu\\\/it\\\/chiesa-sanpaolo\\\/#breadcrumb\"},\"inLanguage\":\"it-IT\",\"potentialAction\":[{\"@type\":\"ReadAction\",\"target\":[\"https:\\\/\\\/www.visim.eu\\\/it\\\/chiesa-sanpaolo\\\/\"]}]},{\"@type\":\"ImageObject\",\"inLanguage\":\"it-IT\",\"@id\":\"https:\\\/\\\/www.visim.eu\\\/it\\\/chiesa-sanpaolo\\\/#primaryimage\",\"url\":\"https:\\\/\\\/www.visim.eu\\\/wp-content\\\/uploads\\\/2020\\\/03\\\/Der-Dom-auf-dem-Lande-Kirche-St-Pauls-03122020_130501.jpg\",\"contentUrl\":\"https:\\\/\\\/www.visim.eu\\\/wp-content\\\/uploads\\\/2020\\\/03\\\/Der-Dom-auf-dem-Lande-Kirche-St-Pauls-03122020_130501.jpg\",\"width\":2560,\"height\":1440},{\"@type\":\"BreadcrumbList\",\"@id\":\"https:\\\/\\\/www.visim.eu\\\/it\\\/chiesa-sanpaolo\\\/#breadcrumb\",\"itemListElement\":[{\"@type\":\"ListItem\",\"position\":1,\"name\":\"Startseite\",\"item\":\"https:\\\/\\\/www.visim.eu\\\/it\\\/\"},{\"@type\":\"ListItem\",\"position\":2,\"name\":\"Chiesa San Paolo\"}]},{\"@type\":\"WebSite\",\"@id\":\"https:\\\/\\\/www.visim.eu\\\/#website\",\"url\":\"https:\\\/\\\/www.visim.eu\\\/\",\"name\":\"Visim.eu\",\"description\":\"\",\"publisher\":{\"@id\":\"https:\\\/\\\/www.visim.eu\\\/#organization\"},\"alternateName\":\"Visim.eu\",\"potentialAction\":[{\"@type\":\"SearchAction\",\"target\":{\"@type\":\"EntryPoint\",\"urlTemplate\":\"https:\\\/\\\/www.visim.eu\\\/?s={search_term_string}\"},\"query-input\":{\"@type\":\"PropertyValueSpecification\",\"valueRequired\":true,\"valueName\":\"search_term_string\"}}],\"inLanguage\":\"it-IT\"},{\"@type\":\"Organization\",\"@id\":\"https:\\\/\\\/www.visim.eu\\\/#organization\",\"name\":\"Visim.eu\",\"url\":\"https:\\\/\\\/www.visim.eu\\\/\",\"logo\":{\"@type\":\"ImageObject\",\"inLanguage\":\"it-IT\",\"@id\":\"https:\\\/\\\/www.visim.eu\\\/#\\\/schema\\\/logo\\\/image\\\/\",\"url\":\"https:\\\/\\\/www.visim.eu\\\/wp-content\\\/uploads\\\/2025\\\/06\\\/visim-Logo-quadratisch.png\",\"contentUrl\":\"https:\\\/\\\/www.visim.eu\\\/wp-content\\\/uploads\\\/2025\\\/06\\\/visim-Logo-quadratisch.png\",\"width\":558,\"height\":558,\"caption\":\"Visim.eu\"},\"image\":{\"@id\":\"https:\\\/\\\/www.visim.eu\\\/#\\\/schema\\\/logo\\\/image\\\/\"},\"sameAs\":[\"https:\\\/\\\/www.facebook.com\\\/visim.eu\",\"https:\\\/\\\/www.linkedin.com\\\/company\\\/visim-eu\"],\"email\":\"info@visim.eu\",\"telephone\":\"0039 0471 362083\",\"foundingDate\":\"2020-01-01\"},{\"@type\":\"Person\",\"@id\":\"https:\\\/\\\/www.visim.eu\\\/#\\\/schema\\\/person\\\/e1f9aa1e8dfd1c0e6baa10ef8e3301c3\",\"name\":\"Norbert_G\",\"url\":\"https:\\\/\\\/www.visim.eu\\\/it\\\/author\\\/norbert_g\\\/\"}]}<\/script>\n<!-- \/ Yoast SEO Premium plugin. -->","yoast_head_json":{"title":"Chiesa San Paolo - visim.eu","description":"\"Il duomo di campagna\" - la Chiesa di San Paolo. 85 metri di altezza e con la seconda campana pi\u00f9 grande dell'Alto Adige. Visitate la Chiesa e scoprite la cultura altoatesina.","robots":{"index":"index","follow":"follow","max-snippet":"max-snippet:-1","max-image-preview":"max-image-preview:large","max-video-preview":"max-video-preview:-1"},"canonical":"https:\/\/www.visim.eu\/it\/chiesa-sanpaolo\/","og_locale":"it_IT","og_type":"article","og_title":"Chiesa San Paolo","og_description":"\"Il duomo di campagna\" - la Chiesa di San Paolo. 85 metri di altezza e con la seconda campana pi\u00f9 grande dell'Alto Adige. Visitate la Chiesa e scoprite la cultura altoatesina.","og_url":"https:\/\/www.visim.eu\/it\/chiesa-sanpaolo\/","og_site_name":"visim.eu","article_publisher":"https:\/\/www.facebook.com\/visim.eu","article_published_time":"2020-03-12T11:07:46+00:00","article_modified_time":"2020-10-08T08:24:05+00:00","og_image":[{"width":2560,"height":1440,"url":"https:\/\/www.visim.eu\/wp-content\/uploads\/2020\/03\/Der-Dom-auf-dem-Lande-Kirche-St-Pauls-03122020_130501.jpg","type":"image\/jpeg"}],"author":"Norbert_G","twitter_card":"summary_large_image","twitter_misc":{"Scritto da":"Norbert_G","Tempo di lettura stimato":"1 minuto"},"schema":{"@context":"https:\/\/schema.org","@graph":[{"@type":"Article","@id":"https:\/\/www.visim.eu\/it\/chiesa-sanpaolo\/#article","isPartOf":{"@id":"https:\/\/www.visim.eu\/it\/chiesa-sanpaolo\/"},"author":{"name":"Norbert_G","@id":"https:\/\/www.visim.eu\/#\/schema\/person\/e1f9aa1e8dfd1c0e6baa10ef8e3301c3"},"headline":"Chiesa San Paolo","datePublished":"2020-03-12T11:07:46+00:00","dateModified":"2020-10-08T08:24:05+00:00","mainEntityOfPage":{"@id":"https:\/\/www.visim.eu\/it\/chiesa-sanpaolo\/"},"wordCount":111,"commentCount":0,"publisher":{"@id":"https:\/\/www.visim.eu\/#organization"},"image":{"@id":"https:\/\/www.visim.eu\/it\/chiesa-sanpaolo\/#primaryimage"},"thumbnailUrl":"https:\/\/www.visim.eu\/wp-content\/uploads\/2020\/03\/Der-Dom-auf-dem-Lande-Kirche-St-Pauls-03122020_130501.jpg","keywords":["dom","kirche","kultur","museum","museum","stpauls"],"articleSection":["Cultura e musei","Culture and Museum","Portfolio completo"],"inLanguage":"it-IT","potentialAction":[{"@type":"CommentAction","name":"Comment","target":["https:\/\/www.visim.eu\/it\/chiesa-sanpaolo\/#respond"]}]},{"@type":"WebPage","@id":"https:\/\/www.visim.eu\/it\/chiesa-sanpaolo\/","url":"https:\/\/www.visim.eu\/it\/chiesa-sanpaolo\/","name":"Chiesa San Paolo - visim.eu","isPartOf":{"@id":"https:\/\/www.visim.eu\/#website"},"primaryImageOfPage":{"@id":"https:\/\/www.visim.eu\/it\/chiesa-sanpaolo\/#primaryimage"},"image":{"@id":"https:\/\/www.visim.eu\/it\/chiesa-sanpaolo\/#primaryimage"},"thumbnailUrl":"https:\/\/www.visim.eu\/wp-content\/uploads\/2020\/03\/Der-Dom-auf-dem-Lande-Kirche-St-Pauls-03122020_130501.jpg","datePublished":"2020-03-12T11:07:46+00:00","dateModified":"2020-10-08T08:24:05+00:00","description":"\"Il duomo di campagna\" - la Chiesa di San Paolo. 85 metri di altezza e con la seconda campana pi\u00f9 grande dell'Alto Adige. Visitate la Chiesa e scoprite la cultura altoatesina.","breadcrumb":{"@id":"https:\/\/www.visim.eu\/it\/chiesa-sanpaolo\/#breadcrumb"},"inLanguage":"it-IT","potentialAction":[{"@type":"ReadAction","target":["https:\/\/www.visim.eu\/it\/chiesa-sanpaolo\/"]}]},{"@type":"ImageObject","inLanguage":"it-IT","@id":"https:\/\/www.visim.eu\/it\/chiesa-sanpaolo\/#primaryimage","url":"https:\/\/www.visim.eu\/wp-content\/uploads\/2020\/03\/Der-Dom-auf-dem-Lande-Kirche-St-Pauls-03122020_130501.jpg","contentUrl":"https:\/\/www.visim.eu\/wp-content\/uploads\/2020\/03\/Der-Dom-auf-dem-Lande-Kirche-St-Pauls-03122020_130501.jpg","width":2560,"height":1440},{"@type":"BreadcrumbList","@id":"https:\/\/www.visim.eu\/it\/chiesa-sanpaolo\/#breadcrumb","itemListElement":[{"@type":"ListItem","position":1,"name":"Startseite","item":"https:\/\/www.visim.eu\/it\/"},{"@type":"ListItem","position":2,"name":"Chiesa San Paolo"}]},{"@type":"WebSite","@id":"https:\/\/www.visim.eu\/#website","url":"https:\/\/www.visim.eu\/","name":"Visim.eu","description":"","publisher":{"@id":"https:\/\/www.visim.eu\/#organization"},"alternateName":"Visim.eu","potentialAction":[{"@type":"SearchAction","target":{"@type":"EntryPoint","urlTemplate":"https:\/\/www.visim.eu\/?s={search_term_string}"},"query-input":{"@type":"PropertyValueSpecification","valueRequired":true,"valueName":"search_term_string"}}],"inLanguage":"it-IT"},{"@type":"Organization","@id":"https:\/\/www.visim.eu\/#organization","name":"Visim.eu","url":"https:\/\/www.visim.eu\/","logo":{"@type":"ImageObject","inLanguage":"it-IT","@id":"https:\/\/www.visim.eu\/#\/schema\/logo\/image\/","url":"https:\/\/www.visim.eu\/wp-content\/uploads\/2025\/06\/visim-Logo-quadratisch.png","contentUrl":"https:\/\/www.visim.eu\/wp-content\/uploads\/2025\/06\/visim-Logo-quadratisch.png","width":558,"height":558,"caption":"Visim.eu"},"image":{"@id":"https:\/\/www.visim.eu\/#\/schema\/logo\/image\/"},"sameAs":["https:\/\/www.facebook.com\/visim.eu","https:\/\/www.linkedin.com\/company\/visim-eu"],"email":"info@visim.eu","telephone":"0039 0471 362083","foundingDate":"2020-01-01"},{"@type":"Person","@id":"https:\/\/www.visim.eu\/#\/schema\/person\/e1f9aa1e8dfd1c0e6baa10ef8e3301c3","name":"Norbert_G","url":"https:\/\/www.visim.eu\/it\/author\/norbert_g\/"}]}},"_links":{"self":[{"href":"https:\/\/www.visim.eu\/it\/wp-json\/wp\/v2\/posts\/1983","targetHints":{"allow":["GET"]}}],"collection":[{"href":"https:\/\/www.visim.eu\/it\/wp-json\/wp\/v2\/posts"}],"about":[{"href":"https:\/\/www.visim.eu\/it\/wp-json\/wp\/v2\/types\/post"}],"author":[{"embeddable":true,"href":"https:\/\/www.visim.eu\/it\/wp-json\/wp\/v2\/users\/1"}],"replies":[{"embeddable":true,"href":"https:\/\/www.visim.eu\/it\/wp-json\/wp\/v2\/comments?post=1983"}],"version-history":[{"count":10,"href":"https:\/\/www.visim.eu\/it\/wp-json\/wp\/v2\/posts\/1983\/revisions"}],"predecessor-version":[{"id":3448,"href":"https:\/\/www.visim.eu\/it\/wp-json\/wp\/v2\/posts\/1983\/revisions\/3448"}],"wp:featuredmedia":[{"embeddable":true,"href":"https:\/\/www.visim.eu\/it\/wp-json\/wp\/v2\/media\/1982"}],"wp:attachment":[{"href":"https:\/\/www.visim.eu\/it\/wp-json\/wp\/v2\/media?parent=1983"}],"wp:term":[{"taxonomy":"category","embeddable":true,"href":"https:\/\/www.visim.eu\/it\/wp-json\/wp\/v2\/categories?post=1983"},{"taxonomy":"post_tag","embeddable":true,"href":"https:\/\/www.visim.eu\/it\/wp-json\/wp\/v2\/tags?post=1983"}],"curies":[{"name":"wp","href":"https:\/\/api.w.org\/{rel}","templated":true}]}}